{"id":201,"date":"2020-05-08T20:25:15","date_gmt":"2020-05-08T20:25:15","guid":{"rendered":"https:\/\/cedrovet.com.bo\/blog\/?p=201"},"modified":"2021-01-07T11:58:01","modified_gmt":"2021-01-07T11:58:01","slug":"protocolo-de-prevencion-y-control-del-covid-19-en-granjas-porcinas","status":"publish","type":"post","link":"https:\/\/cedrovet.com.bo\/blog\/cerdos\/protocolo-de-prevencion-y-control-del-covid-19-en-granjas-porcinas\/","title":{"rendered":"Protocolo de Prevenci\u00f3n y Control del Covid-19 en Granjas Porcinas"},"content":{"rendered":"\n<p>Debido al reto sin precedentes al que nos enfrentamos actualmente a la pandemia del COVID-19, es importante que los productores y trabajadores del sector porcino, conozcan y se capaciten sobre los cuidados y medidas para prevenir la transmisi\u00f3n COVID-19 para garantizar el funcionamiento de las granjas. Para tal efecto ponemos a consideraci\u00f3n el presente protocolo.<\/p>\n\n\n\n<p>En el presente protocolo consideramos dos \u00e1mbitos de actuaci\u00f3n:<\/p>\n\n\n\n<ul><li><strong>Medidas orientadas a la prevenci\u00f3n y protecci\u00f3n de la salud de los trabajadores<\/strong><\/li><\/ul>\n\n\n\n<p>Las medidas adicionales que sean necesarias adoptar en funci\u00f3n de la evoluci\u00f3n de la situaci\u00f3n y en coordinaci\u00f3n con las Autoridades Competentes, es preciso adoptar:<\/p>\n\n\n\n<h2 class=\"wp-block-heading\">1.- Medidas informativas<\/h2>\n\n\n\n<ul><li>Es importante capacitar e informar a los trabajadores sobre las medidas preventivas para evitar la propagaci\u00f3n del virus.<\/li><li>En la medida que sea posible, se deben colocar carteles informativos a la vista de los trabajadores con la informaci\u00f3n relativa a la enfermedad y a las medidas higi\u00e9nicas-sanitarias suministradas por el Ministerio de Salud.&nbsp;<a href=\"https:\/\/l.facebook.com\/l.php?u=https%3A%2F%2Fwww.boliviasegura.gob.bo%2Fcovid-19.php&amp;h=AT3PXhPXCWoGIxItBw3BS4EN9hwm-DcvdX5n3A32Zpbd6BtGWkjZcmc7MYJITGIiCS9Blsh_M9LDjs9na53CUlSKP9EZDYY0d30TjMmM4vCVVXXPdmRfUe75o0NDcVbRyRoTTyzqYP_RtRBMNOeaapAlk1njZz4rMHq9HA\" rel=\"noreferrer noopener\" target=\"_blank\">https:\/\/www.boliviasegura.gob.bo\/covid-19.php<\/a><\/li><\/ul>\n\n\n\n<h3 class=\"wp-block-heading\">Medidas para la protecci\u00f3n frente al nuevo coronavirus<\/h3>\n\n\n\n<div class=\"wp-block-image\"><figure class=\"aligncenter size-large\"><img decoding=\"async\" loading=\"lazy\" width=\"371\" height=\"503\" src=\"https:\/\/cedrovet.com.bo\/blog\/wp-content\/uploads\/2020\/12\/image-20.jpeg\" alt=\"\" class=\"wp-image-255\" srcset=\"https:\/\/cedrovet.com.bo\/blog\/wp-content\/uploads\/2020\/12\/image-20.jpeg 371w, https:\/\/cedrovet.com.bo\/blog\/wp-content\/uploads\/2020\/12\/image-20-221x300.jpeg 221w, https:\/\/cedrovet.com.bo\/blog\/wp-content\/uploads\/2020\/12\/image-20-150x203.jpeg 150w, https:\/\/cedrovet.com.bo\/blog\/wp-content\/uploads\/2020\/12\/image-20-300x407.jpeg 300w\" sizes=\"(max-width: 371px) 100vw, 371px\" \/><\/figure><\/div>\n\n\n\n<div class=\"wp-block-image\"><figure class=\"aligncenter size-large\"><img decoding=\"async\" loading=\"lazy\" width=\"343\" height=\"386\" src=\"https:\/\/cedrovet.com.bo\/blog\/wp-content\/uploads\/2020\/12\/image-21.jpeg\" alt=\"\" class=\"wp-image-256\" srcset=\"https:\/\/cedrovet.com.bo\/blog\/wp-content\/uploads\/2020\/12\/image-21.jpeg 343w, https:\/\/cedrovet.com.bo\/blog\/wp-content\/uploads\/2020\/12\/image-21-267x300.jpeg 267w, https:\/\/cedrovet.com.bo\/blog\/wp-content\/uploads\/2020\/12\/image-21-150x169.jpeg 150w, https:\/\/cedrovet.com.bo\/blog\/wp-content\/uploads\/2020\/12\/image-21-300x338.jpeg 300w\" sizes=\"(max-width: 343px) 100vw, 343px\" \/><\/figure><\/div>\n\n\n\n<h2 class=\"wp-block-heading\">2.- Medidas preventivas generales<\/h2>\n\n\n\n<ul><li>Prohibir toda visita o entrada innecesaria en la granja para proteger al personal.<\/li><li>Restringir las visitas de personal externo (Solo urgencias sanitarias) por parte del veterinario responsable.<\/li><li>Las visitas deber\u00e1n llevar equipos de protecci\u00f3n individual y mantener una distancia m\u00ednima de 1 metro con el resto del personal de la granja.<\/li><li>Disponer de jab\u00f3n y\/o productos desinfectantes en ba\u00f1os y aseos de la granja.<\/li><li>Fomentar el incremento en la frecuencia de limpieza de manos.<\/li><li>Incrementar con frecuencia la limpieza de las zonas comunes de la granja. Principalmente vestuarios, ba\u00f1os y zonas comunes.<\/li><li>Establecer \u201cFranja de Seguridad\u201d entre personas de distintas \u00e1reas.<\/li><li>Priorizar los medios telem\u00e1ticos en funciones administrativas de la empresa.<\/li><li>Potenciar la comunicaci\u00f3n interna mediante medios telem\u00e1ticos (Smartphone), pizarras de trabajo, etc.<\/li><li>Evitar el contacto directo a menos de un metro entre trabajadores.<\/li><li>Acceso a la granja en veh\u00edculos independientes.<\/li><li>Evitar veh\u00edculos compartidos.<\/li><li>Evitar contacto en el acceso granja-veh\u00edculo \/ veh\u00edculo-granja.<\/li><li>Establecer un control de temperatura corporal a la entrada de la granja. En el caso de usar un term\u00f3metro l\u00e1ser, primero se debe calibrar, es decir, medir la temperatura tanto con el l\u00e1ser como term\u00f3metro personal para obtener el valor de referencia para cada persona. A partir de ese momento, se puede controlar v\u00eda term\u00f3metro l\u00e1ser y desviaciones de su est\u00e1ndar, ambas deben ser evaluadas con term\u00f3metro corporal.<\/li><li>Personas con temperatura superior a 36,5\u00baC o que presenten s\u00edntomas de COVID-19 (tos, dificultad respiratoria, conjuntivitis, cansancio) deber\u00e1n llamar al tel\u00e9fono de atenci\u00f3n determinados por la autoridad sanitaria. En caso de tener dudas o precisar ayuda se debe marcar las lineas gratuitas 800 10 1104 o 800 10 1106.<\/li><li>Usar de mascarillas en todo momento. Precauci\u00f3n con el uso de guantes; puede dar una falsa idea de protecci\u00f3n y los guantes sucios son un riesgo. En caso de utilizaci\u00f3n de guantes, se recomienda su cambio frecuente.<\/li><li>Evitar reuniones de m\u00e1s de 2 personas, salvo que sea totalmente imprescindible. Si es necesario su realizaci\u00f3n se extremar\u00e1n las precauciones (evitar saludos con contacto f\u00edsico, respetar la distancia de un metro entre los participantes, etc.).<\/li><li>Evitar viajes programados y desplazamientos a otra localidad diferente (Granja\/ Residencia).<\/li><li>Suspender \/ aplazar cursos de formaci\u00f3n presencial a trabajadores-<\/li><\/ul>\n\n\n\n<p>Se proponen una serie de escenarios encaminados a mantener el funcionamiento y cuidado de los animales, en una situaci\u00f3n excepcional, como es la difusi\u00f3n del COVID-19.&nbsp;<strong>Dentro de estas medidas se establecen tres escenarios:<\/strong><\/p>\n\n\n\n<h3 class=\"wp-block-heading\">1.- Medidas encaminadas a mitigar los efectos de que alg\u00fan trabajador sea positivo a COVID-19<\/h3>\n\n\n\n<p>Casi todas las medidas est\u00e1n orientadas a evitar la propagaci\u00f3n del virus y el contacto entre trabajadores (crear \u201cFranja seguridad\u201d) para que, en el peor de los casos, no se afecten la totalidad de los trabajadores.<\/p>\n\n\n\n<h4 class=\"wp-block-heading\">1.1.- Personal de granja<\/h4>\n\n\n\n<p>A parte de las medidas generales para evitar la enfermedad y su propagaci\u00f3n se sugiere:<\/p>\n\n\n\n<h5 class=\"wp-block-heading\">Opci\u00f3n 1: Escalonar trabajadores por departamento de trabajo.<\/h5>\n\n\n\n<ul><li>Establecer grupos de trabajadores por \u00e1rea o ubicaci\u00f3n en la graja.<\/li><li>Los grupos deben realizarse de tal forma que no haya contacto entre ellos y se puedan establecer separaciones f\u00edsicas (galp\u00f3n). Ejemplo: trabajadores de gestaci\u00f3n y trabajadores de maternidad. Lo ideal es poder llegar a hacer grupos de una persona.<\/li><li>Establecer horarios escalonados de entrada y salida de la granja por \u00e1reas o sectores de trabajo.<\/li><li>Limpieza y desinfecci\u00f3n de vestuario entre grupos de trabajadores.<\/li><li>Diferenciar horarios de almuerzo y comida, en el caso de hacerlo en zonas comunes. &#8211; se debe priorizar la limpieza y desinfecci\u00f3n de zonas comunes entre cada grupo.<\/li><li>Empleo de v\u00eda telem\u00e1tica para comunicaciones internas.<\/li><li>Delimitar espacios de trabajos sobre todo a la hora de conducci\u00f3n de animales entre \u00e1reas. Determinar hasta donde pueden llegar los trabajadores que env\u00edan animales y los que reciben para que no se produzca contacto a menos de 3 metros o con una separaci\u00f3n f\u00edsica de por medio.<\/li><\/ul>\n\n\n\n<h6 class=\"wp-block-heading\">Objetivo Opci\u00f3n 1:<\/h6>\n\n\n\n<p>En el desafortunado caso de que un trabajador enferme de coronavirus, que solo se vea afectado por las medidas de cuarentena, el resto manteniendo los grupos operativos.<\/p>\n\n\n\n<h5 class=\"wp-block-heading\">Opci\u00f3n 2: Diferenciaci\u00f3n de trabajo ma\u00f1ana y tarde<\/h5>\n\n\n\n<ul><li>Establecer turnos de ma\u00f1ana y tarde.<\/li><li>Ambos turnos no tienen que coincidir f\u00edsicamente en la granja. Ser\u00eda recomendable que hubiera al menos 1 hora entre la salida de un turno y la entrada del siguiente.<\/li><li>A la finalizaci\u00f3n del turno: limpieza y desinfecci\u00f3n de las zonas comunes para el siguiente turno.<\/li><li>Es posible que el 70% de la plantilla est\u00e9 en horario de ma\u00f1ana y un 30% en tarde (tipo ret\u00e9n de tarde ampliado)<\/li><\/ul>\n\n\n\n<h6 class=\"wp-block-heading\">Objetivo Opci\u00f3n 2:<\/h6>\n\n\n\n<p>En el desafortunado caso de que un trabajador enferme, solo se vean afectados los compa\u00f1eros de su mismo turno, liberando el otro turno para poder seguir con las funciones que sean posibles de realizar en la granja.<\/p>\n\n\n\n<h5 class=\"wp-block-heading\">Opci\u00f3n 3: Plantilla flotante<\/h5>\n\n\n\n<p>Es una opci\u00f3n complicada de implementar, pero ser\u00eda de las pocas opciones disponibles en el caso de que la totalidad de la plantilla no pueda ir a la granja.<\/p>\n\n\n\n<ul><li>Disponer de trabajadores de otras granjas o personas cercanas a la granja, que puedan asumir las funciones de alimentaci\u00f3n y mantenimiento de los animales hasta la reincorporaci\u00f3n de la plantilla<\/li><li>En funci\u00f3n del tama\u00f1o de la empresa se determinar\u00eda el personal \u201cm\u00f3vil\u201d, es decir, el que en circunstancias excepcionales podr\u00eda encargarse del cuidado de los animales de otra granja.<\/li><\/ul>\n\n\n\n<p><strong>Complicaci\u00f3n:&nbsp;<\/strong>Dif\u00edcil de implementar porque cualquier persona ajena a la granja; no est\u00e1 familiarizada con el funcionamiento.<\/p>\n\n\n\n<div class=\"wp-block-image\"><figure class=\"aligncenter size-large is-resized\"><img decoding=\"async\" loading=\"lazy\" src=\"https:\/\/cedrovet.com.bo\/blog\/wp-content\/uploads\/2020\/12\/8_maio_interna-981x1024.jpg\" alt=\"\" class=\"wp-image-203\" width=\"233\" height=\"243\" srcset=\"https:\/\/cedrovet.com.bo\/blog\/wp-content\/uploads\/2020\/12\/8_maio_interna-981x1024.jpg 981w, https:\/\/cedrovet.com.bo\/blog\/wp-content\/uploads\/2020\/12\/8_maio_interna-287x300.jpg 287w, https:\/\/cedrovet.com.bo\/blog\/wp-content\/uploads\/2020\/12\/8_maio_interna-768x802.jpg 768w, https:\/\/cedrovet.com.bo\/blog\/wp-content\/uploads\/2020\/12\/8_maio_interna-150x157.jpg 150w, https:\/\/cedrovet.com.bo\/blog\/wp-content\/uploads\/2020\/12\/8_maio_interna-300x313.jpg 300w, https:\/\/cedrovet.com.bo\/blog\/wp-content\/uploads\/2020\/12\/8_maio_interna-696x727.jpg 696w, https:\/\/cedrovet.com.bo\/blog\/wp-content\/uploads\/2020\/12\/8_maio_interna-1068x1115.jpg 1068w, https:\/\/cedrovet.com.bo\/blog\/wp-content\/uploads\/2020\/12\/8_maio_interna.jpg 1086w\" sizes=\"(max-width: 233px) 100vw, 233px\" \/><\/figure><\/div>\n\n\n\n<p><strong>Fuente:<\/strong>&nbsp;Escrito por MVZ Wilber Bernab\u00e9 Ibarra, asesor t\u00e9cnico comercial De Cedrovet Srl.<\/p>\n","protected":false},"excerpt":{"rendered":"<p>Debido al reto sin precedentes al que nos enfrentamos actualmente a la pandemia del COVID-19, es importante que los productores y trabajadores del sector porcino, conozcan y se capaciten sobre los cuidados y medidas para prevenir la transmisi\u00f3n COVID-19 para garantizar el funcionamiento de las granjas. Para tal efecto ponemos a consideraci\u00f3n el presente protocolo. [&hellip;]<\/p>\n","protected":false},"author":2,"featured_media":202,"comment_status":"open","ping_status":"open","sticky":false,"template":"","format":"standard","meta":{"om_disable_all_campaigns":false,"_mi_skip_tracking":false,"_monsterinsights_sitenote_active":false,"_monsterinsights_sitenote_note":"","_monsterinsights_sitenote_category":0,"_uf_show_specific_survey":0,"_uf_disable_surveys":false,"tdm_status":"","tdm_grid_status":""},"categories":[3],"tags":[],"aioseo_notices":[],"yoast_head":"<!-- This site is optimized with the Yoast SEO plugin v15.5 - https:\/\/yoast.com\/wordpress\/plugins\/seo\/ -->\n<meta name=\"robots\" content=\"index, follow, max-snippet:-1, max-image-preview:large, max-video-preview:-1\" \/>\n<link rel=\"canonical\" href=\"https:\/\/cedrovet.com.bo\/blog\/cerdos\/protocolo-de-prevencion-y-control-del-covid-19-en-granjas-porcinas\/\" \/>\n<meta property=\"og:locale\" content=\"es_ES\" \/>\n<meta property=\"og:type\" content=\"article\" \/>\n<meta property=\"og:title\" content=\"Protocolo de Prevenci\u00f3n y Control del Covid-19 en Granjas Porcinas - Blog Cedrovet\" \/>\n<meta property=\"og:description\" content=\"Debido al reto sin precedentes al que nos enfrentamos actualmente a la pandemia del COVID-19, es importante que los productores y trabajadores del sector porcino, conozcan y se capaciten sobre los cuidados y medidas para prevenir la transmisi\u00f3n COVID-19 para garantizar el funcionamiento de las granjas. Para tal efecto ponemos a consideraci\u00f3n el presente protocolo. [&hellip;]\" \/>\n<meta property=\"og:url\" content=\"https:\/\/cedrovet.com.bo\/blog\/cerdos\/protocolo-de-prevencion-y-control-del-covid-19-en-granjas-porcinas\/\" \/>\n<meta property=\"og:site_name\" content=\"Blog Cedrovet\" \/>\n<meta property=\"article:published_time\" content=\"2020-05-08T20:25:15+00:00\" \/>\n<meta property=\"article:modified_time\" content=\"2021-01-07T11:58:01+00:00\" \/>\n<meta property=\"og:image\" content=\"https:\/\/cedrovet.com.bo\/blog\/wp-content\/uploads\/2020\/12\/8_maio.jpg\" \/>\n\t<meta property=\"og:image:width\" content=\"820\" \/>\n\t<meta property=\"og:image:height\" content=\"460\" \/>\n<meta name=\"twitter:card\" content=\"summary_large_image\" \/>\n<meta name=\"twitter:label1\" content=\"Tiempo de lectura\">\n\t<meta name=\"twitter:data1\" content=\"5 minutos\">\n<script type=\"application\/ld+json\" class=\"yoast-schema-graph\">{\"@context\":\"https:\/\/schema.org\",\"@graph\":[{\"@type\":\"WebSite\",\"@id\":\"https:\/\/cedrovet.com.bo\/blog\/#website\",\"url\":\"https:\/\/cedrovet.com.bo\/blog\/\",\"name\":\"Blog Cedrovet\",\"description\":\"Blog Cedrovet\",\"potentialAction\":[{\"@type\":\"SearchAction\",\"target\":\"https:\/\/cedrovet.com.bo\/blog\/?s={search_term_string}\",\"query-input\":\"required name=search_term_string\"}],\"inLanguage\":\"es\"},{\"@type\":\"ImageObject\",\"@id\":\"https:\/\/cedrovet.com.bo\/blog\/cerdos\/protocolo-de-prevencion-y-control-del-covid-19-en-granjas-porcinas\/#primaryimage\",\"inLanguage\":\"es\",\"url\":\"https:\/\/cedrovet.com.bo\/blog\/wp-content\/uploads\/2020\/12\/8_maio.jpg\",\"width\":820,\"height\":460},{\"@type\":\"WebPage\",\"@id\":\"https:\/\/cedrovet.com.bo\/blog\/cerdos\/protocolo-de-prevencion-y-control-del-covid-19-en-granjas-porcinas\/#webpage\",\"url\":\"https:\/\/cedrovet.com.bo\/blog\/cerdos\/protocolo-de-prevencion-y-control-del-covid-19-en-granjas-porcinas\/\",\"name\":\"Protocolo de Prevenci\\u00f3n y Control del Covid-19 en Granjas Porcinas - Blog Cedrovet\",\"isPartOf\":{\"@id\":\"https:\/\/cedrovet.com.bo\/blog\/#website\"},\"primaryImageOfPage\":{\"@id\":\"https:\/\/cedrovet.com.bo\/blog\/cerdos\/protocolo-de-prevencion-y-control-del-covid-19-en-granjas-porcinas\/#primaryimage\"},\"datePublished\":\"2020-05-08T20:25:15+00:00\",\"dateModified\":\"2021-01-07T11:58:01+00:00\",\"author\":{\"@id\":\"https:\/\/cedrovet.com.bo\/blog\/#\/schema\/person\/4b0097ac0be5d9954eea386efe959057\"},\"inLanguage\":\"es\",\"potentialAction\":[{\"@type\":\"ReadAction\",\"target\":[\"https:\/\/cedrovet.com.bo\/blog\/cerdos\/protocolo-de-prevencion-y-control-del-covid-19-en-granjas-porcinas\/\"]}]},{\"@type\":\"Person\",\"@id\":\"https:\/\/cedrovet.com.bo\/blog\/#\/schema\/person\/4b0097ac0be5d9954eea386efe959057\",\"name\":\"Cedrovet Nutrici\\u00f3n Animal En Bolivia\",\"image\":{\"@type\":\"ImageObject\",\"@id\":\"https:\/\/cedrovet.com.bo\/blog\/#personlogo\",\"inLanguage\":\"es\",\"url\":\"https:\/\/cedrovet.com.bo\/blog\/wp-content\/uploads\/2020\/12\/logo-cedrovet.png\",\"caption\":\"Cedrovet Nutrici\\u00f3n Animal En Bolivia\"},\"description\":\"Cedrovet es l\\u00edder en el mercado de nutrici\\u00f3n animal en bolivia. Ofrece calidad en sus productos y soluciones asertivas para la agroindustria.\"}]}<\/script>\n<!-- \/ Yoast SEO plugin. -->","amp_enabled":true,"_links":{"self":[{"href":"https:\/\/cedrovet.com.bo\/blog\/wp-json\/wp\/v2\/posts\/201"}],"collection":[{"href":"https:\/\/cedrovet.com.bo\/blog\/wp-json\/wp\/v2\/posts"}],"about":[{"href":"https:\/\/cedrovet.com.bo\/blog\/wp-json\/wp\/v2\/types\/post"}],"author":[{"embeddable":true,"href":"https:\/\/cedrovet.com.bo\/blog\/wp-json\/wp\/v2\/users\/2"}],"replies":[{"embeddable":true,"href":"https:\/\/cedrovet.com.bo\/blog\/wp-json\/wp\/v2\/comments?post=201"}],"version-history":[{"count":5,"href":"https:\/\/cedrovet.com.bo\/blog\/wp-json\/wp\/v2\/posts\/201\/revisions"}],"predecessor-version":[{"id":328,"href":"https:\/\/cedrovet.com.bo\/blog\/wp-json\/wp\/v2\/posts\/201\/revisions\/328"}],"wp:featuredmedia":[{"embeddable":true,"href":"https:\/\/cedrovet.com.bo\/blog\/wp-json\/wp\/v2\/media\/202"}],"wp:attachment":[{"href":"https:\/\/cedrovet.com.bo\/blog\/wp-json\/wp\/v2\/media?parent=201"}],"wp:term":[{"taxonomy":"category","embeddable":true,"href":"https:\/\/cedrovet.com.bo\/blog\/wp-json\/wp\/v2\/categories?post=201"},{"taxonomy":"post_tag","embeddable":true,"href":"https:\/\/cedrovet.com.bo\/blog\/wp-json\/wp\/v2\/tags?post=201"}],"curies":[{"name":"wp","href":"https:\/\/api.w.org\/{rel}","templated":true}]}}