{"id":819,"date":"2025-09-02T12:55:15","date_gmt":"2025-09-02T12:55:15","guid":{"rendered":"https:\/\/cedrovet.com.bo\/blog\/?p=819"},"modified":"2025-09-03T15:34:10","modified_gmt":"2025-09-03T15:34:10","slug":"enfermedad-de-glasser-en-cerdos-poliserositis-porcina-poliartritis-infecciosa","status":"publish","type":"post","link":"https:\/\/cedrovet.com.bo\/blog\/cerdos\/enfermedad-de-glasser-en-cerdos-poliserositis-porcina-poliartritis-infecciosa\/","title":{"rendered":"Enfermedad de Gl\u00e4sser en cerdos (Poliserositis porcina, poliartritis infecciosa)"},"content":{"rendered":"\n<p>Por MVZ. Dedimar Flores, Asesor t\u00e9cnico de Cedrovet SRL.<\/p>\n\n\n\n<p>La enfermedad de Gl\u00e4sser est\u00e1 causada por la infecci\u00f3n por Glaesserella (Haemophilus) parasuis. La forma m\u00e1s com\u00fan se caracteriza por poliserositis fibrinosa y poliartritis, pero tambi\u00e9n puede producirse septicemia con muerte s\u00fabita y bronconeumon\u00eda. El diagn\u00f3stico se basa en los s\u00edntomas cl\u00ednicos y el aislamiento bacteriano o PCR. El tratamiento antibi\u00f3tico sigue siendo la primera opci\u00f3n para controlar un brote de enfermedad, pero hay varias vacunas disponibles para su prevenci\u00f3n.<\/p>\n\n\n\n<p><em>Glaesserella parasuis<\/em>, un microorganismo comensal del tracto respiratorio superior de los cerdos que causa una enfermedad sist\u00e9mica grave caracterizada por poliserositis fibrinosa, artritis y meningitis. La enfermedad tiene un comienzo s\u00fabito, un curso corto y una morbilidad y una mortalidad elevada. Los animales j\u00f3venes (4-8 semanas) son los que se ven afectados principalmente, aunque se puede observar la enfermedad espor\u00e1dica en los adultos (p. ej., introducci\u00f3n de un adulto que no ha tenido contacto previo con el pat\u00f3geno en una explotaci\u00f3n sana). Los supervivientes pueden desarrollar una fibrosis grave en las cavidades abdominal y tor\u00e1cica, lo que puede conducir a una disminuci\u00f3n en la tasa de crecimiento y al rechazo de la canal en el matadero.<\/p>\n\n\n\n<figure class=\"wp-block-image size-full is-resized\"><img decoding=\"async\" loading=\"lazy\" src=\"https:\/\/cedrovet.com.bo\/blog\/wp-content\/uploads\/2025\/09\/2.jpg\" alt=\"\" class=\"wp-image-820\" width=\"460\" height=\"306\"\/><\/figure>\n\n\n\n<div style=\"height:24px\" aria-hidden=\"true\" class=\"wp-block-spacer\"><\/div>\n\n\n\n<p><strong>Etiologia de la enfermedad de Glasser en cerdos<\/strong><\/p>\n\n\n\n<p>El agente causal de la enfermedad de Gl\u00e4sser,&nbsp;<em>G parasuis<\/em>, es una peque\u00f1a bacteria pleom\u00f3rfica gramnegativa de la familia Pasteurellaceae que necesita la suplementaci\u00f3n del factor V (NAD) pero no del factor X (hemina) para su crecimiento.<\/p>\n\n\n\n<p>Se han documentado quince serotipos de&nbsp;<em>H parasuis<\/em>, pero un alto porcentaje de los aislados evaluados no pueden tipificarse. Se han descrito amplias diferencias en la virulencia de los serotipos. Los serotipos 1, 2, 4, 5, 12, 13, 14 y algunos aislados que no pueden tipificarse se suelen aislar a partir de los casos de enfermedad sist\u00e9mica, mientras que los serotipos 3, 6, 7, 9 y otras cepas no tipificadas se a\u00edslan con frecuencia de la parte superior del tracto respiratorio.<\/p>\n\n\n\n<p><strong>Hallazgos cl\u00ednicos de la enfermedad de Glasser en cerdos<\/strong><\/p>\n\n\n\n<p>Los signos cl\u00ednicos de la enfermedad de Gl\u00e4sser se observan principalmente en cerdos de 4 a 8 semanas de edad, aunque la edad de los animales afectados puede variar, seg\u00fan el nivel de inmunidad materna adquirida. La enfermedad hiperaguda tiene un curso corto y puede dar lugar a muerte s\u00fabita sin presencia de lesiones macrosc\u00f3picas caracter\u00edsticas; en estos casos se pueden observar petequias en algunos \u00f3rganos, lo que indica septicemia.<\/p>\n\n\n\n<p>Los&nbsp;<strong>signos cl\u00ednicos t\u00edpicos<\/strong>&nbsp;de la enfermedad de Gl\u00e4sser aguda pueden incluir:<\/p>\n\n\n\n<p><strong>Lechones lactantes<\/strong><\/p>\n\n\n\n<ul>\n<li>Enfermedad aguda:\n<ul>\n<li>Se deprimen r\u00e1pidamente.<\/li>\n\n\n\n<li>Temperatura elevada.<\/li>\n\n\n\n<li>Inapetencia.<\/li>\n\n\n\n<li>No quieren levantarse.<\/li>\n\n\n\n<li>Con frecuencia se produce muerte s\u00fabita de lechones lactantes con&nbsp;buena condici\u00f3n.<\/li>\n\n\n\n<li>Tambi\u00e9n causa artritis y cojeras con fiebre e inapetencia en cerdos individuales.<\/li>\n<\/ul>\n<\/li>\n<\/ul>\n\n\n\n<ul>\n<li>Enfermedad cr\u00f3nica:\n<ul>\n<li>Cerdos p\u00e1lidos y de crecimiento lento.<\/li>\n\n\n\n<li>Pueden darse muertes s\u00fabitas.<\/li>\n<\/ul>\n<\/li>\n<\/ul>\n\n\n\n<p><strong>Transici\u00f3n y cebo<\/strong><\/p>\n\n\n\n<ul>\n<li>Los cerdos con Gl\u00e4sser parecen deprimidos o pueden, sencillamente, ser encontrados ya muertos.<\/li>\n\n\n\n<li>Temperatura elevada.<\/li>\n\n\n\n<li>Dejan de comer.<\/li>\n\n\n\n<li>No quieren levantarse.<\/li>\n\n\n\n<li>Signos nerviosos incluyendo meningitis.<\/li>\n\n\n\n<li>A menudo se observan lechones en mal estado, desmedrados y peludos.<\/li>\n<\/ul>\n\n\n\n<p><strong>En cerdos j\u00f3venes en crecimiento<\/strong>&nbsp;es frecuente:<\/p>\n\n\n\n<ul>\n<li>Fiebre.<\/li>\n\n\n\n<li>Meningitis.<\/li>\n\n\n\n<li>Artritis.<\/li>\n\n\n\n<li>Cojera.<\/li>\n\n\n\n<li>Neumon\u00eda.<\/li>\n\n\n\n<li>Infecci\u00f3n del pericardio.<\/li>\n\n\n\n<li>Peritonitis y pleures\u00eda.<\/li>\n<\/ul>\n\n\n\n<p>Los animales afectados cr\u00f3nicamente pueden padecer una reducci\u00f3n de la tasa de crecimiento como resultado de la grave fibrosis en las cavidades tor\u00e1cica y peritoneal.&nbsp;<em>G parasuis<\/em>&nbsp;puede aislarse de los pulmones de los cerdos con bronconeumon\u00eda supurativa, y los signos cl\u00ednicos m\u00e1s comunes son la disnea y la tos. Sin embargo,&nbsp;<em>G parasuis<\/em>&nbsp;no se considera una causa significativa de tos.<\/p>\n\n\n\n<figure class=\"wp-block-image size-full is-resized\"><img decoding=\"async\" loading=\"lazy\" src=\"https:\/\/cedrovet.com.bo\/blog\/wp-content\/uploads\/2025\/09\/3.jpg\" alt=\"\" class=\"wp-image-821\" width=\"460\" height=\"306\"\/><\/figure>\n\n\n\n<div style=\"height:24px\" aria-hidden=\"true\" class=\"wp-block-spacer\"><\/div>\n\n\n\n<p><strong>Lesiones<\/strong><\/p>\n\n\n\n<p>La enfermedad hiperaguda puede causar petequias en algunos tejidos, sin que se observen lesiones macrosc\u00f3picas. Histol\u00f3gicamente, estos cerdos muestran lesiones microsc\u00f3picas similares a la septicemia, como la CID y las microhemorragias. En casos hiperagudos se puede detectar incremento de l\u00edquido en las cavidades tor\u00e1cica y abdominal, sin la presencia de fibrina.<\/p>\n\n\n\n<p>La infecci\u00f3n sist\u00e9mica aguda se caracteriza por desarrollo de poliserositis fibrinosa, poliartritis y&nbsp;meningitis. <strong>El exudado fibrinoso puede observarse en la pleura, el pericardio, el peritoneo, el l\u00edquido sinovial y las meninges, y suele acompa\u00f1arse de un incremento de l\u00edquido<\/strong>. La pleuritis fibrinosa puede ir acompa\u00f1ada de consolidaci\u00f3n craneoventral (bronconeumon\u00eda catarral-purulenta). La ausencia de lesiones macrosc\u00f3picas caracter\u00edsticas tambi\u00e9n es frecuente en los cerdos que presentan signos neurol\u00f3gicos.<\/p>\n\n\n\n<p><strong>Los cerdos cr\u00f3nicamente afectados suelen presentar una grave fibrosis a nivel del pericardio y la pleura, que puede o no estar presente en la cavidad peritoneal.<\/strong><\/p>\n\n\n\n<figure class=\"wp-block-image size-full is-resized\"><img decoding=\"async\" loading=\"lazy\" src=\"https:\/\/cedrovet.com.bo\/blog\/wp-content\/uploads\/2025\/09\/4-edited.jpg\" alt=\"\" class=\"wp-image-825\" width=\"460\" height=\"306\" srcset=\"https:\/\/cedrovet.com.bo\/blog\/wp-content\/uploads\/2025\/09\/4-edited.jpg 482w, https:\/\/cedrovet.com.bo\/blog\/wp-content\/uploads\/2025\/09\/4-edited-300x200.jpg 300w, https:\/\/cedrovet.com.bo\/blog\/wp-content\/uploads\/2025\/09\/4-edited-150x100.jpg 150w\" sizes=\"(max-width: 460px) 100vw, 460px\" \/><\/figure>\n\n\n\n<div style=\"height:24px\" aria-hidden=\"true\" class=\"wp-block-spacer\"><\/div>\n\n\n\n<p><strong>Diagn\u00f3stico de la enfermedad de Glasser en cerdos<\/strong><\/p>\n\n\n\n<ul>\n<li>S\u00edntomas cl\u00ednicos y lesiones junto con la detecci\u00f3n de la bacteria<\/li>\n<\/ul>\n\n\n\n<p>El diagn\u00f3stico se basa en la observaci\u00f3n de signos cl\u00ednicos compatibles y las lesiones caracter\u00edsticas, junto con la detecci\u00f3n de&nbsp;<em>G parasuis<\/em>&nbsp;en los cerdos afectados mediante aislamiento o a trav\u00e9s de m\u00e9todos moleculares como la PCR.<\/p>\n\n\n\n<p>La mayor\u00eda de los m\u00e9todos de diagn\u00f3sticos actuales no diferencian los aislamientos virulentos de los no virulentos, por lo que es importante muestrear solo a partir de localizaciones sist\u00e9micas como la pleura, el pericardio, el peritoneo, las articulaciones y el cerebro<\/p>\n\n\n\n<p>Dado que&nbsp;<em>G parasuis<\/em>&nbsp;es un microorganismo comensal com\u00fan, el aislamiento de las v\u00edas respiratorias superiores no tiene relevancia en el diagn\u00f3stico de la infecci\u00f3n sist\u00e9mica.<\/p>\n\n\n\n<p>Los&nbsp;<strong>diagn\u00f3sticos diferenciales<\/strong>&nbsp;de la enfermedad de Gl\u00e4sser incluyen infecciones por:<\/p>\n\n\n\n<ul>\n<li>Streptococcus suis<\/li>\n\n\n\n<li>Mycoplasma hyorhinis<\/li>\n\n\n\n<li>escherichia coli&nbsp;septic\u00e9mi<\/li>\n\n\n\n<li>Actinobacillus suis<\/li>\n\n\n\n<li>Erysipelothrix rhusiopathiae<\/li>\n\n\n\n<li>Salmonella&nbsp;Choleraesuis<\/li>\n<\/ul>\n\n\n\n<p><strong>Tratamiento y control de la enfermedad de Glasser en cerdos<\/strong><\/p>\n\n\n\n<ul>\n<li>Antibi\u00f3ticos y vacunaci\u00f3n<\/li>\n<\/ul>\n\n\n\n<p><em>G parasuis<\/em>&nbsp;es uno de los pocos microorganismos gramnegativos que pueden tratarse con \u00e9xito mediante penicilinas sint\u00e9ticas. Otros antimicrobianos utilizados incluyen el ceftiofur, la ampicilina, el enrofloxacino, la eritromicina, la tiamulina, la tilmicosina, el florfenicol y las sulfamidas potenciadas. Los tratamientos individuales han de administrarse por v\u00eda parenteral para observar un efecto significativo, y todos los cerdos de los grupos afectados (no solo los que muestran signos cl\u00ednicos) acabar\u00e1n necesitando tratamiento. Los tratamientos preventivos deben desaconsejarse para evitar el desarrollo de resistencias a los antimicrobianos.<\/p>\n\n\n\n<p>Cualquier vacuna comercial o aut\u00f3gena puede usarse para controlar la infecci\u00f3n por&nbsp;<em>G parasuis<\/em>, aunque su eficacia ha sido variable. La amplia variedad de serotipos y genotipos potencialmente pat\u00f3genos ha alterado el desarrollo de una vacuna universal frente a&nbsp;<em>G parasuis<\/em>.<\/p>\n\n\n\n<p><strong>Puntos clave<\/strong><\/p>\n\n\n\n<ul>\n<li><em>G parasuis<\/em>&nbsp;es una bacteria comensal de las v\u00edas respiratorias superiores de los cerdos, pero capaz de causar enfermedad sist\u00e9mica en circunstancias apropiadas.<\/li>\n\n\n\n<li>La enfermedad de Gl\u00e4sser se caracteriza por muerte s\u00fabita en su forma hiperaguda, pero la m\u00e1s habitual es una presentaci\u00f3n aguda, caracterizada por emaciaci\u00f3n y disnea, as\u00ed como poliserositis fibrinosa, poliartritis y meningitis.<\/li>\n\n\n\n<li>El diagn\u00f3stico se basa en los signos cl\u00ednicos y la detecci\u00f3n de la bacteria en sitios sist\u00e9micos.<\/li>\n\n\n\n<li>El control se basa en el tratamiento antibi\u00f3tico de los cerdos afectados; se pueden utilizar vacunas comerciales y aut\u00f3genas para prevenir la enfermedad.<\/li>\n<\/ul>\n","protected":false},"excerpt":{"rendered":"<p>Por MVZ. Dedimar Flores, Asesor t\u00e9cnico de Cedrovet SRL. La enfermedad de Gl\u00e4sser est\u00e1 causada por la infecci\u00f3n por Glaesserella (Haemophilus) parasuis. La forma m\u00e1s com\u00fan se caracteriza por poliserositis fibrinosa y poliartritis, pero tambi\u00e9n puede producirse septicemia con muerte s\u00fabita y bronconeumon\u00eda. El diagn\u00f3stico se basa en los s\u00edntomas cl\u00ednicos y el aislamiento bacteriano [&hellip;]<\/p>\n","protected":false},"author":3,"featured_media":843,"comment_status":"open","ping_status":"closed","sticky":false,"template":"","format":"standard","meta":{"om_disable_all_campaigns":false,"_mi_skip_tracking":false,"_monsterinsights_sitenote_active":false,"_monsterinsights_sitenote_note":"","_monsterinsights_sitenote_category":0,"_uf_show_specific_survey":0,"_uf_disable_surveys":false,"tdm_status":"","tdm_grid_status":""},"categories":[3],"tags":[],"aioseo_notices":[],"yoast_head":"<!-- This site is optimized with the Yoast SEO plugin v15.5 - https:\/\/yoast.com\/wordpress\/plugins\/seo\/ -->\n<meta name=\"robots\" content=\"index, follow, max-snippet:-1, max-image-preview:large, max-video-preview:-1\" \/>\n<link rel=\"canonical\" href=\"https:\/\/cedrovet.com.bo\/blog\/cerdos\/enfermedad-de-glasser-en-cerdos-poliserositis-porcina-poliartritis-infecciosa\/\" \/>\n<meta property=\"og:locale\" content=\"es_ES\" \/>\n<meta property=\"og:type\" content=\"article\" \/>\n<meta property=\"og:title\" content=\"Enfermedad de Gl\u00e4sser en cerdos (Poliserositis porcina, poliartritis infecciosa) - Blog Cedrovet\" \/>\n<meta property=\"og:description\" content=\"Por MVZ. Dedimar Flores, Asesor t\u00e9cnico de Cedrovet SRL. La enfermedad de Gl\u00e4sser est\u00e1 causada por la infecci\u00f3n por Glaesserella (Haemophilus) parasuis. La forma m\u00e1s com\u00fan se caracteriza por poliserositis fibrinosa y poliartritis, pero tambi\u00e9n puede producirse septicemia con muerte s\u00fabita y bronconeumon\u00eda. El diagn\u00f3stico se basa en los s\u00edntomas cl\u00ednicos y el aislamiento bacteriano [&hellip;]\" \/>\n<meta property=\"og:url\" content=\"https:\/\/cedrovet.com.bo\/blog\/cerdos\/enfermedad-de-glasser-en-cerdos-poliserositis-porcina-poliartritis-infecciosa\/\" \/>\n<meta property=\"og:site_name\" content=\"Blog Cedrovet\" \/>\n<meta property=\"article:published_time\" content=\"2025-09-02T12:55:15+00:00\" \/>\n<meta property=\"article:modified_time\" content=\"2025-09-03T15:34:10+00:00\" \/>\n<meta property=\"og:image\" content=\"https:\/\/cedrovet.com.bo\/blog\/wp-content\/uploads\/2025\/09\/Portada-1.png\" \/>\n\t<meta property=\"og:image:width\" content=\"1536\" \/>\n\t<meta property=\"og:image:height\" content=\"1024\" \/>\n<meta name=\"twitter:card\" content=\"summary_large_image\" \/>\n<meta name=\"twitter:label1\" content=\"Tiempo de lectura\">\n\t<meta name=\"twitter:data1\" content=\"5 minutos\">\n<script type=\"application\/ld+json\" class=\"yoast-schema-graph\">{\"@context\":\"https:\/\/schema.org\",\"@graph\":[{\"@type\":\"WebSite\",\"@id\":\"https:\/\/cedrovet.com.bo\/blog\/#website\",\"url\":\"https:\/\/cedrovet.com.bo\/blog\/\",\"name\":\"Blog Cedrovet\",\"description\":\"Blog Cedrovet\",\"potentialAction\":[{\"@type\":\"SearchAction\",\"target\":\"https:\/\/cedrovet.com.bo\/blog\/?s={search_term_string}\",\"query-input\":\"required name=search_term_string\"}],\"inLanguage\":\"es\"},{\"@type\":\"ImageObject\",\"@id\":\"https:\/\/cedrovet.com.bo\/blog\/cerdos\/enfermedad-de-glasser-en-cerdos-poliserositis-porcina-poliartritis-infecciosa\/#primaryimage\",\"inLanguage\":\"es\",\"url\":\"https:\/\/cedrovet.com.bo\/blog\/wp-content\/uploads\/2025\/09\/Portada-1.png\",\"width\":1536,\"height\":1024},{\"@type\":\"WebPage\",\"@id\":\"https:\/\/cedrovet.com.bo\/blog\/cerdos\/enfermedad-de-glasser-en-cerdos-poliserositis-porcina-poliartritis-infecciosa\/#webpage\",\"url\":\"https:\/\/cedrovet.com.bo\/blog\/cerdos\/enfermedad-de-glasser-en-cerdos-poliserositis-porcina-poliartritis-infecciosa\/\",\"name\":\"Enfermedad de Gl\\u00e4sser en cerdos (Poliserositis porcina, poliartritis infecciosa) - Blog Cedrovet\",\"isPartOf\":{\"@id\":\"https:\/\/cedrovet.com.bo\/blog\/#website\"},\"primaryImageOfPage\":{\"@id\":\"https:\/\/cedrovet.com.bo\/blog\/cerdos\/enfermedad-de-glasser-en-cerdos-poliserositis-porcina-poliartritis-infecciosa\/#primaryimage\"},\"datePublished\":\"2025-09-02T12:55:15+00:00\",\"dateModified\":\"2025-09-03T15:34:10+00:00\",\"author\":{\"@id\":\"https:\/\/cedrovet.com.bo\/blog\/#\/schema\/person\/746ff5a08e12e4e3db2537bd2022587e\"},\"inLanguage\":\"es\",\"potentialAction\":[{\"@type\":\"ReadAction\",\"target\":[\"https:\/\/cedrovet.com.bo\/blog\/cerdos\/enfermedad-de-glasser-en-cerdos-poliserositis-porcina-poliartritis-infecciosa\/\"]}]},{\"@type\":\"Person\",\"@id\":\"https:\/\/cedrovet.com.bo\/blog\/#\/schema\/person\/746ff5a08e12e4e3db2537bd2022587e\",\"name\":\"Cedrovet\",\"image\":{\"@type\":\"ImageObject\",\"@id\":\"https:\/\/cedrovet.com.bo\/blog\/#personlogo\",\"inLanguage\":\"es\",\"url\":\"https:\/\/secure.gravatar.com\/avatar\/9d99682408733a52c342bdd3870b4f42?s=96&d=mm&r=g\",\"caption\":\"Cedrovet\"}}]}<\/script>\n<!-- \/ Yoast SEO plugin. -->","amp_enabled":true,"_links":{"self":[{"href":"https:\/\/cedrovet.com.bo\/blog\/wp-json\/wp\/v2\/posts\/819"}],"collection":[{"href":"https:\/\/cedrovet.com.bo\/blog\/wp-json\/wp\/v2\/posts"}],"about":[{"href":"https:\/\/cedrovet.com.bo\/blog\/wp-json\/wp\/v2\/types\/post"}],"author":[{"embeddable":true,"href":"https:\/\/cedrovet.com.bo\/blog\/wp-json\/wp\/v2\/users\/3"}],"replies":[{"embeddable":true,"href":"https:\/\/cedrovet.com.bo\/blog\/wp-json\/wp\/v2\/comments?post=819"}],"version-history":[{"count":5,"href":"https:\/\/cedrovet.com.bo\/blog\/wp-json\/wp\/v2\/posts\/819\/revisions"}],"predecessor-version":[{"id":886,"href":"https:\/\/cedrovet.com.bo\/blog\/wp-json\/wp\/v2\/posts\/819\/revisions\/886"}],"wp:featuredmedia":[{"embeddable":true,"href":"https:\/\/cedrovet.com.bo\/blog\/wp-json\/wp\/v2\/media\/843"}],"wp:attachment":[{"href":"https:\/\/cedrovet.com.bo\/blog\/wp-json\/wp\/v2\/media?parent=819"}],"wp:term":[{"taxonomy":"category","embeddable":true,"href":"https:\/\/cedrovet.com.bo\/blog\/wp-json\/wp\/v2\/categories?post=819"},{"taxonomy":"post_tag","embeddable":true,"href":"https:\/\/cedrovet.com.bo\/blog\/wp-json\/wp\/v2\/tags?post=819"}],"curies":[{"name":"wp","href":"https:\/\/api.w.org\/{rel}","templated":true}]}}